{"id":4391,"date":"2018-09-04T15:43:34","date_gmt":"2018-09-04T14:43:34","guid":{"rendered":"https:\/\/mdclinica.com\/mdclinica\/?p=4391"},"modified":"2024-02-08T09:37:02","modified_gmt":"2024-02-08T09:37:02","slug":"apos-os-excessos-do-verao-o-branqueamento-dentario","status":"publish","type":"post","link":"https:\/\/mdclinica.com\/mdclinica\/2018\/apos-os-excessos-do-verao-o-branqueamento-dentario\/","title":{"rendered":"Ap\u00f3s os excessos do ver\u00e3o: o branqueamento dent\u00e1rio"},"content":{"rendered":"<p>As f\u00e9rias de ver\u00e3o &#8211; sin\u00f4nimo de descanso merecido e dias e noites de conv\u00edvio entre fam\u00edlia e amigos &#8211; s\u00e3o muitas vezes sin\u00f3nimo de alguns excessos com consequ\u00eancias para a sa\u00fade oral.<\/p>\n<p>Fumar, beber bebidas alc\u00f3olicas (vinho, especialmente) e ingerir muitos a\u00e7\u00facares afeta a sa\u00fade do seu sorriso e estes comportamentos t\u00eam um impacto est\u00e9tico direto: a cor dos seus dentes vai ficando danificada e escurecida.<\/p>\n<p>&nbsp;<\/p>\n<h3>Aproveite o fim das f\u00e9rias para fazer um branqueamento dent\u00e1rio<\/h3>\n<p>Agora que a rotina se vai novamente instalando, \u00e9 hora de cuidar da sua sa\u00fade oral e planear o branqueamento dent\u00e1rio que deseja.<\/p>\n<p>Marque uma consulta de avalia\u00e7\u00e3o pr\u00e9via: poder\u00e1 come\u00e7ar por uma limpeza dent\u00e1ria e remo\u00e7\u00e3o de t\u00e1rtaro, ao mesmo tempo que \u00e9 feita uma avalia\u00e7\u00e3o mais concreta do tratamento de branqueamento dent\u00e1rio mais adequado ao seu caso.<\/p>\n<p>&nbsp;<\/p>\n<h3>Em consult\u00f3rio ou ambulat\u00f3rio?<\/h3>\n<p>Caso a caso, pode optar-se entre duas formas de realizar o branqueamento dent\u00e1rio: em consult\u00f3rio ou em casa.<\/p>\n<p>Ambas as t\u00e9cnicas garantem resultados muito satisfat\u00f3rios &#8211; a grande diferen\u00e7a reside na rapidez dos resultados.<\/p>\n<p>Em consult\u00f3rio, o branqueamento \u00e9 feito com luz LED. A sess\u00e3o tem cerca de 1 hora e pode incluir 1 a 3 aplica\u00e7\u00f5es de gel durante 15- 20 minutos e os resultados ser\u00e3o vis\u00edveis de forma imediata.<\/p>\n<p>O branqueamento ambulat\u00f3rio, feito em casa, utiliza moldeiras e gel branqueador que, em aplica\u00e7\u00f5es di\u00e1rias de cerca de duas horas, garante \u00f3timos resultados em cerca de quinze dias.<\/p>\n<p>A higienista J\u00e9ssica Valadares detalha estes procedimentos <a href=\"https:\/\/mdclinica.com\/mdclinica\/noticias\/o-que-implica-um-bom-trabalho-de-higiene-oral\/\">nesta entrevista<\/a>.<\/p>\n<p>&nbsp;<\/p>\n<h3>Os h\u00e1bitos otimizam os resultados<\/h3>\n<p>A sua higiene bucal e os cuidados que tem com a sua sa\u00fade oral ir\u00e3o ser determinantes na manuten\u00e7\u00e3o de um sorriso mais branco: o tabaco, o consumo de bebidas mais pigmentadas como vinho tinto, ch\u00e1 e caf\u00e9 ou at\u00e9 a ingest\u00e3o de alguns alimentos, poder\u00e3o reduzir a dura\u00e7\u00e3o do tratamento.<\/p>\n<p>O m\u00e9dico dentista poder\u00e1 recomendar um refor\u00e7o do tratamento de branqueamento dent\u00e1rio pois, em alguns casos, os dentes mant\u00eam o padr\u00e3o da cor desejada por mais tempo e, em outros pacientes, o escurecimento dos dentes \u00e9 mais r\u00e1pido.<\/p>\n<p>&nbsp;<\/p>\n<p>&nbsp;<\/p>\n<h4>A sa\u00fade oral nunca deve ir de f\u00e9rias, mas esta pode ser a altura certa para cuidar do seu sorriso e devolver-lhe o brilho que foi perdendo.<\/h4>\n<h4>Contacte a MD Cl\u00ednica, esclare\u00e7a todas as d\u00favidas sobre <a href=\"https:\/\/mdclinica.com\/mdclinica\/especialidades\/branqueamento-dentario\/\">branqueamento dent\u00e1rio<\/a> e marque a sua consulta!<\/h4>\n","protected":false},"excerpt":{"rendered":"<p>As f\u00e9rias de ver\u00e3o &#8211; sin\u00f4nimo de descanso merecido e dias e noites de conv\u00edvio entre fam\u00edlia e amigos &#8211; s\u00e3o muitas vezes sin\u00f3nimo de alguns excessos com consequ\u00eancias para a sa\u00fade oral. Fumar, beber bebidas alc\u00f3olicas (vinho, especialmente) e ingerir muitos a\u00e7\u00facares afeta a sa\u00fade do seu sorriso e estes comportamentos t\u00eam um impacto [&hellip;]<\/p>\n","protected":false},"author":6,"featured_media":2191,"comment_status":"closed","ping_status":"closed","sticky":false,"template":"","format":"standard","meta":[],"categories":[10],"tags":[],"_links":{"self":[{"href":"https:\/\/mdclinica.com\/mdclinica\/wp-json\/wp\/v2\/posts\/4391"}],"collection":[{"href":"https:\/\/mdclinica.com\/mdclinica\/wp-json\/wp\/v2\/posts"}],"about":[{"href":"https:\/\/mdclinica.com\/mdclinica\/wp-json\/wp\/v2\/types\/post"}],"author":[{"embeddable":true,"href":"https:\/\/mdclinica.com\/mdclinica\/wp-json\/wp\/v2\/users\/6"}],"replies":[{"embeddable":true,"href":"https:\/\/mdclinica.com\/mdclinica\/wp-json\/wp\/v2\/comments?post=4391"}],"version-history":[{"count":2,"href":"https:\/\/mdclinica.com\/mdclinica\/wp-json\/wp\/v2\/posts\/4391\/revisions"}],"predecessor-version":[{"id":4445,"href":"https:\/\/mdclinica.com\/mdclinica\/wp-json\/wp\/v2\/posts\/4391\/revisions\/4445"}],"wp:featuredmedia":[{"embeddable":true,"href":"https:\/\/mdclinica.com\/mdclinica\/wp-json\/wp\/v2\/media\/2191"}],"wp:attachment":[{"href":"https:\/\/mdclinica.com\/mdclinica\/wp-json\/wp\/v2\/media?parent=4391"}],"wp:term":[{"taxonomy":"category","embeddable":true,"href":"https:\/\/mdclinica.com\/mdclinica\/wp-json\/wp\/v2\/categories?post=4391"},{"taxonomy":"post_tag","embeddable":true,"href":"https:\/\/mdclinica.com\/mdclinica\/wp-json\/wp\/v2\/tags?post=4391"}],"curies":[{"name":"wp","href":"https:\/\/api.w.org\/{rel}","templated":true}]}}