{"id":4486,"date":"2018-08-18T16:45:17","date_gmt":"2018-08-18T15:45:17","guid":{"rendered":"https:\/\/mdclinica.com\/mdclinica\/?p=4486"},"modified":"2024-02-08T09:37:20","modified_gmt":"2024-02-08T09:37:20","slug":"quando-e-que-as-facetas-sao-opcao","status":"publish","type":"post","link":"https:\/\/mdclinica.com\/mdclinica\/2018\/quando-e-que-as-facetas-sao-opcao\/","title":{"rendered":"Quando \u00e9 que as facetas s\u00e3o op\u00e7\u00e3o?"},"content":{"rendered":"<p>Atualmente, tratamentos dent\u00e1rios que sejam t\u00e3o funcionais como esteticamente apelativos s\u00e3o os mais desejados.<\/p>\n<p>As <a href=\"https:\/\/mdclinica.com\/mdclinica\/especialidades\/medicina-dentaria\/facetas-dentarias\/\">facetas dent\u00e1rias<\/a>, muitas vezes chamadas de &#8220;lente de contato para dentes&#8221;, s\u00e3o prova dessa preocupa\u00e7\u00e3o: tratam-se de&nbsp;<span style=\"line-height: 1.5;\">pr\u00f3teses muito finas, coladas ou cimentadas na frente dos dentes, funcionam como &#8220;capas&#8221;, devolvendo aos dentes uma apar\u00eancia natural e um sorriso mais harmonioso.<\/span><\/p>\n<p>Recorrer a esta &#8220;lente de contato para dentes&#8221; pode ser uma op\u00e7\u00e3o interessante nalguns tratamentos de ortodontia:<\/p>\n<ul>\n<li>Dentes tortos ou desalinhados<\/li>\n<li>Dentes manchados pelo consumo de caf\u00e9 ou tabaco<\/li>\n<li>Dentes que sofreram fraturas<\/li>\n<li>Dentes separados (diastemas)<\/li>\n<li>Dentes desgastados e transparentes<\/li>\n<\/ul>\n<p>&nbsp;<\/p>\n<h2>Tipos de facetas<\/h2>\n<p>Existem diferentes tipos de facetas, produzidas com diferentes materiais e, consequentemente, com resist\u00eancia e durabilidade diversas, que podem ser aplicadas de acordo com as necessidades e objetivos do paciente.<\/p>\n<p>&nbsp;<\/p>\n<h3>Lente de contato para dentes<\/h3>\n<p>A &#8220;lente de contato para dentes&#8221; \u00e9 uma l\u00e2mina de cer\u00e2mica muito fina \u2013 &nbsp;com uma espessura entre os 0,2 a 0,5 mm \u2013 e \u00e9 indicada para quem pretende apenas corrigir pequenos detalhes que digam respeito \u00e0 textura, forma, espa\u00e7amento ou assimetria dos dentes.<\/p>\n<p>Ao contr\u00e1rio das capas de resina ou porcelana exigem muito pouco desgaste do dente natural para a posterior colagem da l\u00e2mina.<\/p>\n<p>Estas facetas, embora sejam a solu\u00e7\u00e3o menos invasiva, s\u00e3o feitas de um material transl\u00facido que, pela sua fina espessura, n\u00e3o permitem corrigir altera\u00e7\u00f5es de cor.<\/p>\n<p>&nbsp;<\/p>\n<h3>Facetas cer\u00e2micas<\/h3>\n<p>Feitas em laborat\u00f3rio, estas facetas cer\u00e2micas ou de porcelana s\u00e3o produzidas a partir de um molde do dente original.<\/p>\n<p>O dente natural ter\u00e1 de ser desgastado, de forma a permitir que a faceta possa ser devidamente colada ou cimentada e a faceta aplicada respeitar\u00e1 a cor da restante denti\u00e7\u00e3o.<\/p>\n<p>Representam a solu\u00e7\u00e3o mais esteticamente perfeita e com maior durabilidade.<\/p>\n<p>&nbsp;<\/p>\n<h3>Facetas de resina<\/h3>\n<p>As facetas de resina podem ser:<\/p>\n<ul>\n<li><em>Diretas<\/em>: em consult\u00f3rio, o dente \u00e9 desgastado e cobre-se a imperfei\u00e7\u00e3o com comp\u00f3sito, de maneira uniforme.<\/li>\n<li><em>Indiretas<\/em>: quando s\u00e3o feitas em laborat\u00f3rio.<\/li>\n<\/ul>\n<p>Mais econ\u00f3micas e f\u00e1ceis de consertar, estas facetas de resina s\u00e3o a solu\u00e7\u00e3o mais econ\u00f3mica, mas tamb\u00e9m a menos duradoura e natural.<\/p>\n<p>&nbsp;<\/p>\n<p>Eis alguns dos resultados obtidos por pacientes da MD Cl\u00ednica que recorreram \u00e0 aplica\u00e7\u00e3o de <a href=\"https:\/\/mdclinica.com\/mdclinica\/especialidades\/medicina-dentaria\/facetas-dentarias\/\">facetas dent\u00e1rias<\/a>:<\/p>\n<p><img loading=\"lazy\" class=\"aligncenter wp-image-1475 size-full\" src=\"https:\/\/mdclinica.com\/mdclinica\/wp-content\/uploads\/2018\/03\/md_facetas-07.jpg\" alt=\"Lente de contato para dentes\" width=\"400\" height=\"134\" srcset=\"https:\/\/mdclinica.com\/mdclinica\/wp-content\/uploads\/2018\/03\/md_facetas-07.jpg 400w, https:\/\/mdclinica.com\/mdclinica\/wp-content\/uploads\/2018\/03\/md_facetas-07-300x101.jpg 300w\" sizes=\"(max-width: 400px) 100vw, 400px\" \/><\/p>\n<p><img loading=\"lazy\" class=\"aligncenter wp-image-1473 size-full\" src=\"https:\/\/mdclinica.com\/mdclinica\/wp-content\/uploads\/2018\/03\/md_facetas-05.jpg\" alt=\"Lente de contato para dentes\" width=\"400\" height=\"134\" srcset=\"https:\/\/mdclinica.com\/mdclinica\/wp-content\/uploads\/2018\/03\/md_facetas-05.jpg 400w, https:\/\/mdclinica.com\/mdclinica\/wp-content\/uploads\/2018\/03\/md_facetas-05-300x101.jpg 300w\" sizes=\"(max-width: 400px) 100vw, 400px\" \/><\/p>\n<p><img loading=\"lazy\" class=\"aligncenter wp-image-1471 size-full\" src=\"https:\/\/mdclinica.com\/mdclinica\/wp-content\/uploads\/2018\/03\/md_facetas-03.jpg\" alt=\"Lente de contato para dentes\" width=\"400\" height=\"134\" srcset=\"https:\/\/mdclinica.com\/mdclinica\/wp-content\/uploads\/2018\/03\/md_facetas-03.jpg 400w, https:\/\/mdclinica.com\/mdclinica\/wp-content\/uploads\/2018\/03\/md_facetas-03-300x101.jpg 300w\" sizes=\"(max-width: 400px) 100vw, 400px\" \/><\/p>\n","protected":false},"excerpt":{"rendered":"<p>Atualmente, tratamentos dent\u00e1rios que sejam t\u00e3o funcionais como esteticamente apelativos s\u00e3o os mais desejados. As facetas dent\u00e1rias, muitas vezes chamadas de &#8220;lente de contato para dentes&#8221;, s\u00e3o prova dessa preocupa\u00e7\u00e3o: tratam-se de&nbsp;pr\u00f3teses muito finas, coladas ou cimentadas na frente dos dentes, funcionam como &#8220;capas&#8221;, devolvendo aos dentes uma apar\u00eancia natural e um sorriso mais harmonioso. [&hellip;]<\/p>\n","protected":false},"author":6,"featured_media":4967,"comment_status":"closed","ping_status":"closed","sticky":false,"template":"","format":"standard","meta":[],"categories":[10],"tags":[],"_links":{"self":[{"href":"https:\/\/mdclinica.com\/mdclinica\/wp-json\/wp\/v2\/posts\/4486"}],"collection":[{"href":"https:\/\/mdclinica.com\/mdclinica\/wp-json\/wp\/v2\/posts"}],"about":[{"href":"https:\/\/mdclinica.com\/mdclinica\/wp-json\/wp\/v2\/types\/post"}],"author":[{"embeddable":true,"href":"https:\/\/mdclinica.com\/mdclinica\/wp-json\/wp\/v2\/users\/6"}],"replies":[{"embeddable":true,"href":"https:\/\/mdclinica.com\/mdclinica\/wp-json\/wp\/v2\/comments?post=4486"}],"version-history":[{"count":2,"href":"https:\/\/mdclinica.com\/mdclinica\/wp-json\/wp\/v2\/posts\/4486\/revisions"}],"predecessor-version":[{"id":9358,"href":"https:\/\/mdclinica.com\/mdclinica\/wp-json\/wp\/v2\/posts\/4486\/revisions\/9358"}],"wp:featuredmedia":[{"embeddable":true,"href":"https:\/\/mdclinica.com\/mdclinica\/wp-json\/wp\/v2\/media\/4967"}],"wp:attachment":[{"href":"https:\/\/mdclinica.com\/mdclinica\/wp-json\/wp\/v2\/media?parent=4486"}],"wp:term":[{"taxonomy":"category","embeddable":true,"href":"https:\/\/mdclinica.com\/mdclinica\/wp-json\/wp\/v2\/categories?post=4486"},{"taxonomy":"post_tag","embeddable":true,"href":"https:\/\/mdclinica.com\/mdclinica\/wp-json\/wp\/v2\/tags?post=4486"}],"curies":[{"name":"wp","href":"https:\/\/api.w.org\/{rel}","templated":true}]}}