{"id":6536,"date":"2020-11-29T18:02:13","date_gmt":"2020-11-29T18:02:13","guid":{"rendered":"https:\/\/mdclinica.com\/mdclinica\/?p=6536"},"modified":"2024-02-08T09:32:30","modified_gmt":"2024-02-08T09:32:30","slug":"preenchimento-facial-para-uma-aparencia-mais-descansada-e-mais-fresca","status":"publish","type":"post","link":"https:\/\/mdclinica.com\/mdclinica\/2020\/preenchimento-facial-para-uma-aparencia-mais-descansada-e-mais-fresca\/","title":{"rendered":"&#8220;Tenho dois filhotes pequenos e queria uma apar\u00eancia mais descansada e mais fresca&#8221;"},"content":{"rendered":"\n<p>Se est\u00e1 a considerar realizar um procedimento de&nbsp;preenchimento facial para dar mais \u00e2nimo \u00e0 sua face, leia este artigo. Fal\u00e1mos com uma paciente demonstra, pela sua experi\u00eancia, o que significa e o impacto que tem fazer um tratamento de preenchimento facial com injet\u00e1veis est\u00e9ticos.<\/p>\n\n\n\n<p><strong>Hoje em dia, fazer preenchimento facial para enaltecer as caracter\u00edsticas naturais do rosto e fazer desaparecer as pequenas rugas \u00e9 algo comum para quem procura retardar o processo de envelhecimento.<\/strong><\/p>\n\n\n\n<div style=\"height:40px\" aria-hidden=\"true\" class=\"wp-block-spacer\"><\/div>\n\n\n\n<p>No entanto, o medo de ficar como as Estrelas de Hollywood &#8211; com a express\u00e3o alterada, congelada &#8211; impede-nos de dar o passo. Verificamos que, de facto, falta a coragem e a confian\u00e7a em fazer-se preenchimento facial com injet\u00e1veis.<\/p>\n\n\n\n<p><strong>Por isso, este testemunho da paciente da Dra. Alexandra Marques.<\/strong><\/p>\n\n\n\n<p>A nossa paciente explica como decidiu fazer esta consulta, todos os seus receios e como correu o processo.<\/p>\n\n\n\n<div style=\"height:43px\" aria-hidden=\"true\" class=\"wp-block-spacer\"><\/div>\n\n\n\n<h6><strong>Preenchimento facial: como decidir o que fazer?<\/strong><\/h6>\n\n\n\n<p>&#8220;J\u00e1 tinha ouvido falar de preenchimento facial nos media &#8211; muitas celebridades fazem estes tratamentos. E, hoje em dia, existe muito menos estigma &#8211; as pessoas s\u00f3 se querem sentir e&nbsp;&nbsp;parecer melhor.<\/p>\n\n\n\n<p>Tenho dois filhotes pequenos e estava interessada em conseguir uma apar\u00eancia mais descansada e uma imagem mais fresca e jovem. Tenho 41 anos e as noites mal dormidas n\u00e3o ajudam. Estava a come\u00e7ar a ter olheiras bastante marcadas e pequenas rugas junto aos olhos. Os meus l\u00e1bios tamb\u00e9m estavam mais finos, com pequenas rugas, e, estranhamente, pareciam estar a desaparecer.\u201d<\/p>\n\n\n\n<div style=\"height:43px\" aria-hidden=\"true\" class=\"wp-block-spacer\"><\/div>\n\n\n\n<h6><strong>Preenchimento facial: um tratamento especial<\/strong><\/h6>\n\n\n\n<p>\u201cComecei a procurar mais informa\u00e7\u00f5es sobre o preenchimento facial e, principalmente, se iria doer. Em setembro decidi dar o passo e consultei a Dra. Alexandra Marques por recomenda\u00e7\u00e3o de uma amiga. <\/p>\n\n\n\n<p>Na consulta com a Dra. Alexandra discutimos o&nbsp;<em>look<\/em>&nbsp;que eu procurava e como o preenchimento facial me poderia ajudar. Esta consulta foi muito \u00fatil pois permitiu-me esclarecer as minhas d\u00favidas e ajudou-me a decidir realizar o preenchimento facial. No meu caso, precisei de preenchimento nos l\u00e1bios, olheiras e ma\u00e7\u00e3s do rosto. <\/p>\n\n\n\n<p>O tratamento demorou 45 minutos. Adorei os resultados e n\u00e3o senti dor alguma! Tudo com um creme anest\u00e9sico! Eu tenho duas tatuagens e garanto que doeram muito mais a fazer!\u201d<\/p>\n\n\n\n<div style=\"height:43px\" aria-hidden=\"true\" class=\"wp-block-spacer\"><\/div>\n\n\n\n<h6><strong>Preenchimento facial: uma face fresca e natural<\/strong><\/h6>\n\n\n\n<p>&#8220;Desde que realizei o tratamento de preenchimento facial que me dizem que estou com um ar descansado e me perguntam se fui de f\u00e9rias. Tal como queria: v\u00eaem que estou com bom ar, mas n\u00e3o percebem o que fiz.<\/p>\n\n\n\n<p>Os meus l\u00e1bios n\u00e3o est\u00e3o maiores, apenas mais desenhados e sem as pequenas rugas. Agora adoro usar batom com cor, coisa que n\u00e3o fazia antes. As minhas ma\u00e7\u00e3s do rosto parecem que est\u00e3o sempre desenhadas com maquilhagem. Mas o melhor de tudo s\u00e3o os olhos: parece que estive de f\u00e9rias durante 3 meses. Est\u00e3o mais abertos, sem as pequenas rugas e sem as olheiras escuras (muito t\u00edpicas de quem tem duas crian\u00e7as pequenas em casa) que tanto me aborreciam.<\/p>\n\n\n\n<p>Os meus l\u00e1bios n\u00e3o est\u00e3o maiores, apenas mais desenhados e sem as pequenas rugas. Agora adoro usar batom com cor, coisa que n\u00e3o fazia antes. As minhas ma\u00e7\u00e3s do rosto parecem que est\u00e3o sempre desenhadas com maquilhagem. Mas o melhor de tudo s\u00e3o os olhos: parece que estive de f\u00e9rias durante 3 meses. Est\u00e3o mais abertos, sem as pequenas rugas e sem as olheiras escuras (muito t\u00edpicas de quem tem duas crian\u00e7as pequenas em casa) que tanto me aborreciam.<\/p>\n\n\n\n<p>Quando olho para as fotos do \u201cantes\u201d nem acredito nas diferen\u00e7as, sinto-me muito melhor depois do tratamento de preenchimento facial.&#8221;<\/p>\n\n\n\n<div style=\"height:40px\" aria-hidden=\"true\" class=\"wp-block-spacer\"><\/div>\n\n\n\n<hr class=\"wp-block-separator\"\/>\n\n\n\n<h5>Informa\u00e7\u00e3o essencial sobre o preenchimento facial<\/h5>\n\n\n\n<div style=\"height:43px\" aria-hidden=\"true\" class=\"wp-block-spacer\"><\/div>\n\n\n\n<h5>Preenchimento facial | Como funciona?<\/h5>\n\n\n\n<p>O gel de \u00e1cido hialur\u00f3nico \u00e9 injetado na pele, o que permite reestabelecer o volume perdido na face, corrigir pequenas rugas, nutrir e melhorar a qualidade da pele.&nbsp;<\/p>\n\n\n\n<p>O preenchimento facial com \u00e1cido hialur\u00f3nico tamb\u00e9m pode ser usado para dar volume \u00e0 face ou melhorar o seu contorno. Ao usar uma marca de topo consegue que estes resultados durem mais tempo.<\/p>\n\n\n\n<div style=\"height:43px\" aria-hidden=\"true\" class=\"wp-block-spacer\"><\/div>\n\n\n\n<h5>Preenchimento facial | Posso ficar com ar de &#8216;congelada&#8217; depois do tratamento?<\/h5>\n\n\n\n<p>Realizar o preenchimento facial com um profissional competente e experiente far\u00e1 com que o seu&nbsp;<em>look<\/em>&nbsp;n\u00e3o mude: sentir\u00e1 apenas uma melhoria na sua apar\u00eancia e talvez recupere alguns anos. O m\u00e9dico vai analisar o seu rosto &#8211; em repouso e em movimento &#8211; para que fique natural.<\/p>\n\n\n\n<div style=\"height:43px\" aria-hidden=\"true\" class=\"wp-block-spacer\"><\/div>\n\n\n\n<h5><strong>Preenchimento fac<\/strong>i<strong>al | Quanto tempo n\u00e3o vou poder trabalhar?<\/strong><\/h5>\n\n\n\n<p>A zona da inje\u00e7\u00e3o poder\u00e1 ficar vermelha ou inchada imediatamente ap\u00f3s o tratamento, mas passadas algumas horas o paciente pode voltar a sua rotina normal &#8211; dependendo do produto usado.&nbsp;<\/p>\n\n\n\n<p>Coloque as quest\u00f5es sobre preenchimento facial com injet\u00e1veis ao seu m\u00e9dico.<\/p>\n\n\n\n<div style=\"height:47px\" aria-hidden=\"true\" class=\"wp-block-spacer\"><\/div>\n\n\n\n<div class=\"wp-block-buttons\">\n<div class=\"wp-block-button\"><a class=\"wp-block-button__link\" href=\"https:\/\/mdclinica.com\/mdclinica\/especialidades\/estetica-facial\/acido-hialuronico\/\">CONSULTAR TRATAMENTO<\/a><\/div>\n<\/div>\n","protected":false},"excerpt":{"rendered":"<p>Se est\u00e1 a considerar realizar um procedimento de&nbsp;preenchimento facial para dar mais \u00e2nimo \u00e0 sua face, leia este artigo. Fal\u00e1mos com uma paciente demonstra, pela sua experi\u00eancia, o que significa e o impacto que tem fazer um tratamento de preenchimento facial com injet\u00e1veis est\u00e9ticos. Hoje em dia, fazer preenchimento facial para enaltecer as caracter\u00edsticas naturais [&hellip;]<\/p>\n","protected":false},"author":6,"featured_media":6552,"comment_status":"closed","ping_status":"closed","sticky":false,"template":"","format":"standard","meta":[],"categories":[13],"tags":[],"_links":{"self":[{"href":"https:\/\/mdclinica.com\/mdclinica\/wp-json\/wp\/v2\/posts\/6536"}],"collection":[{"href":"https:\/\/mdclinica.com\/mdclinica\/wp-json\/wp\/v2\/posts"}],"about":[{"href":"https:\/\/mdclinica.com\/mdclinica\/wp-json\/wp\/v2\/types\/post"}],"author":[{"embeddable":true,"href":"https:\/\/mdclinica.com\/mdclinica\/wp-json\/wp\/v2\/users\/6"}],"replies":[{"embeddable":true,"href":"https:\/\/mdclinica.com\/mdclinica\/wp-json\/wp\/v2\/comments?post=6536"}],"version-history":[{"count":17,"href":"https:\/\/mdclinica.com\/mdclinica\/wp-json\/wp\/v2\/posts\/6536\/revisions"}],"predecessor-version":[{"id":6556,"href":"https:\/\/mdclinica.com\/mdclinica\/wp-json\/wp\/v2\/posts\/6536\/revisions\/6556"}],"wp:featuredmedia":[{"embeddable":true,"href":"https:\/\/mdclinica.com\/mdclinica\/wp-json\/wp\/v2\/media\/6552"}],"wp:attachment":[{"href":"https:\/\/mdclinica.com\/mdclinica\/wp-json\/wp\/v2\/media?parent=6536"}],"wp:term":[{"taxonomy":"category","embeddable":true,"href":"https:\/\/mdclinica.com\/mdclinica\/wp-json\/wp\/v2\/categories?post=6536"},{"taxonomy":"post_tag","embeddable":true,"href":"https:\/\/mdclinica.com\/mdclinica\/wp-json\/wp\/v2\/tags?post=6536"}],"curies":[{"name":"wp","href":"https:\/\/api.w.org\/{rel}","templated":true}]}}