{"id":9418,"date":"2023-08-16T14:14:57","date_gmt":"2023-08-16T13:14:57","guid":{"rendered":"https:\/\/mdclinica.com\/mdclinica\/?p=9418"},"modified":"2026-01-12T15:00:08","modified_gmt":"2026-01-12T15:00:08","slug":"invisalign-pros-e-contras","status":"publish","type":"post","link":"https:\/\/mdclinica.com\/mdclinica\/2023\/invisalign-pros-e-contras\/","title":{"rendered":"Invisalign pr\u00f3s e contras"},"content":{"rendered":"\n<p><span>Se est\u00e1 em vias de tomar a decis\u00e3o de qual \u00e9 o melhor aparelho de corre\u00e7\u00e3o ortod\u00f4ntico para o seu caso, <strong>continue a ler este artigo, dedicado precisamente a Invisalign pr\u00f3s e contras.<\/strong><\/span><\/p>\n\n\n<p>&nbsp;<\/p>\n\n\n<hr class=\"wp-block-separator\"\/>\n\n\n<p>&nbsp;<\/p>\n\n\n<p>Para quem sonha com um sorriso mais bonito, a marca Invisalign\u00ae n\u00e3o \u00e9 certamente uma novidade. Este aparelho de corre\u00e7\u00e3o ortod\u00f4ntica \u00e9 feito em silicone invis\u00edvel e \u00e9 mais confort\u00e1vel e mais eficaz do que os aparelhos ortod\u00f4nticos convencionais.<\/p>\n\n\n\n<p>Contudo, \u00e9 importante conhecer as principais vantagens e desvantagens deste curso de tratamento. E nesse sentido, neste artigo <em>esclarecemos<\/em><strong><em> Invisalign pr\u00f3s e contras<\/em><\/strong><strong> <\/strong>do aparelho ortod\u00f4ntico revolucion\u00e1rio que j\u00e1 corrigiu milh\u00f5es de sorrisos em todo o mundo!<\/p>\n\n\n\n<p>Claro que, independentemente dos pr\u00f3s e contras de Invisalign, deve sempre seguir o <a href=\"https:\/\/mdclinica.com\/mdclinica\/especialidades\/medicina-dentaria\/\" target=\"_blank\" rel=\"noreferrer noopener\" title=\"abre p\u00e1gina com as especialidades na MD Cl\u00ednica\">aconselhamento especializado<\/a> do seu m\u00e9dico dentista na MD Cl\u00ednica!<\/p>\n\n\n<p>&nbsp;<\/p>\n\n\n<h2>Invisalign pr\u00f3s e contras: as principais vantagens<\/h2>\n\n\n\n<p>Esteticamente, Invisalign\u00ae distingue-se: \u00e9 invis\u00edvel e permite-lhe sorrir como se n\u00e3o usasse qualquer aparelho. E \u00e9 por isso que esta ocupa o primeiro lugar das mais-valias do aparelho ortod\u00f4ntico nesta listagem Invisalign pr\u00f3s e contras.<\/p>\n\n\n\n<p>Como se isso n\u00e3o fosse suficiente, Invisalign\u00ae \u00e9 extremamente pr\u00e1tico: a realiza\u00e7\u00e3o deste tratamento ortod\u00f4ntico n\u00e3o obriga \u00e0 mudan\u00e7a dos seus h\u00e1bitos di\u00e1rios e rotinas, uma vez que pode retir\u00e1-lo (por um per\u00edodo m\u00e1ximo de duas horas!) e voltar a coloc\u00e1-lo. Isso significa que n\u00e3o precisa de adiar aquele caf\u00e9 por vergonha de usar aparelho, ou deixar de praticar determinados desportos por ser perigoso. E pode manter a sua rotina de higiene oral como sempre a fez!<\/p>\n\n\n\n<p>Entre Invisalign pr\u00f3s e contras est\u00e1 tamb\u00e9m o pr\u00f3 de ser muito &#8211; muito &#8211; confort\u00e1vel em rela\u00e7\u00e3o aos aparelhos ortod\u00f4nticos ditos \u201ctradicionais\u201d. Produzido em silicone, \u00e9 extremamente macio e encaixa nos seus dentes como uma luva.<\/p>\n\n\n\n<div class=\"wp-block-image\"><figure class=\"alignright size-large is-resized\"><img loading=\"lazy\" src=\"https:\/\/mdclinica.com\/mdclinica\/wp-content\/uploads\/2023\/07\/invisalign-pros-e-contras-dra-marina-1024x1024.jpg\" alt=\"O acompanhamento da Dra. Marina DePraetere \u00e9 sem d\u00favida uma grande mais-valia do tratamento com Invisalign\" class=\"wp-image-9433\" width=\"300\" height=\"300\" title=\"Dra. Marina DePreatere em ambiente de consulta Invisalign\" srcset=\"https:\/\/mdclinica.com\/mdclinica\/wp-content\/uploads\/2023\/07\/invisalign-pros-e-contras-dra-marina-1024x1024.jpg 1024w, https:\/\/mdclinica.com\/mdclinica\/wp-content\/uploads\/2023\/07\/invisalign-pros-e-contras-dra-marina-300x300.jpg 300w, https:\/\/mdclinica.com\/mdclinica\/wp-content\/uploads\/2023\/07\/invisalign-pros-e-contras-dra-marina-150x150.jpg 150w, https:\/\/mdclinica.com\/mdclinica\/wp-content\/uploads\/2023\/07\/invisalign-pros-e-contras-dra-marina-768x768.jpg 768w, https:\/\/mdclinica.com\/mdclinica\/wp-content\/uploads\/2023\/07\/invisalign-pros-e-contras-dra-marina.jpg 1080w\" sizes=\"(max-width: 300px) 100vw, 300px\" \/><\/figure><\/div>\n\n\n\n<p>Melhor do que qualquer outro tratamento de corre\u00e7\u00e3o ortod\u00f4ntica, Invisalign\u00ae permite prever o resultado final, atrav\u00e9s de tecnologia exclusiva: o software Clincheck, desenvolvido para planear todas as etapas do tratamento. Clincheck cria um mapa digital \u00fanico atrav\u00e9s de uma digitaliza\u00e7\u00e3o com o <a href=\"https:\/\/mdclinica.com\/mdclinica\/2021\/somos-100-digital\/\" target=\"_blank\" rel=\"noreferrer noopener\" title=\"abre artigo sobre scanner iTero em novo separador\">scanner iTero Element\u00ae <\/a>(tamb\u00e9m exclusivo da Invisalign), que cria uma imagem 3D dos seus dentes.<\/p>\n\n\n\n<p>Adicionalmente, a ferramenta In-Face permite que veja a simula\u00e7\u00e3o de todas as fases do tratamento e o resultado final na sua pr\u00f3pria fotografia &#8211; sem d\u00favida, uma mais valia de Invisalign (pr\u00f3s e contras).<\/p>\n\n\n\n<p>Finalmente, Invisalign\u00ae \u00e9 ainda aclamado pela sua efic\u00e1cia. Apesar de n\u00e3o ser um aparelho fixo, mas sim um aparelho remov\u00edvel, a tecnologia exclusiva corrige o seu sorriso em muito menos tempo &#8211; se seguidos os cuidados devidos. Invisalign \u00e9 produzido num material exclusivo e patenteado, o SmartTrack, que garantem que os dentes se movem n\u00e3o s\u00f3 de forma mais r\u00e1pida, mas mais previs\u00edvel, o que confere ao tratamento uma maior fidedignidade.<\/p>\n\n\n<p>&nbsp;<\/p>\n\n\n<h2>Invisalign pr\u00f3s e contras: cuidados a ter em aten\u00e7\u00e3o<\/h2>\n\n\n\n<p>O aparelho ortod\u00f4ntico Invisalign \u00e9, de facto, muito pr\u00e1tico, mas este fator obriga os pacientes a terem uma maior responsabilidade e disciplina durante o tratamento do que teriam de ter com um aparelho de corre\u00e7\u00e3o ortod\u00f4ntica convencional. Apesar de ser remov\u00edvel, para que o tratamento seja eficaz e permita alcan\u00e7ar o resultado que deseja, deve usar Invisalign\u00ae durante 22 horas por dia!<\/p>\n\n\n\n<p>Por outro lado, h\u00e1 cuidados que deve ter quando tem o aparelho colocado &#8211; e sobre os quais o seu m\u00e9dico especialista ir\u00e1 alert\u00e1-lo. Fique contudo a saber desde j\u00e1 que n\u00e3o pode ingerir todo o tipo de alimentos quando est\u00e1 a usar Invisalign.<\/p>\n\n\n\n<p>Finalmente, por todas as vantagens que apresenta, o tratamento de corre\u00e7\u00e3o ortod\u00f4ntica Invisalign tem um custo superior aos restantes. Isso n\u00e3o o torna, ainda assim, uma op\u00e7\u00e3o proibitiva &#8211; na MD Cl\u00ednica disponibilizamos aos nossos pacientes diferentes planos de pagamento, para que n\u00e3o tenha de adiar a sua sa\u00fade!<\/p>\n\n\n\n<p>Agora que j\u00e1 conhece os principais Invisalign pr\u00f3s e contras, d\u00ea o pr\u00f3ximo passo! Se quer saber mais sobre Invisalign (pr\u00f3s e contras), fale connosco e <a rel=\"noreferrer noopener\" title=\"abre p\u00e1gina de contactos MD Cl\u00ednica\" href=\"https:\/\/mdclinica.com\/mdclinica\/contactos\/\" target=\"_blank\">agende uma consulta de avalia\u00e7\u00e3o<\/a>.<\/p>\n\n\n\n<div style=\"height:100px\" aria-hidden=\"true\" class=\"wp-block-spacer\"><\/div>\n\n\n\n<div class=\"wp-block-buttons\">\n<div class=\"wp-block-button\"><a class=\"wp-block-button__link\" href=\"https:\/\/mdclinica.com\/mdclinica\/contactos\/\">Marque a sua consulta<\/a><\/div>\n<\/div>\n\n\n\n<div class=\"wp-block-buttons\">\n<div class=\"wp-block-button\"><a class=\"wp-block-button__link\" href=\"mailto:mcosta@mdclinica.com\">Ou fale diretamente connosco<\/a><\/div>\n<\/div>\n","protected":false},"excerpt":{"rendered":"<p>Se est\u00e1 em vias de tomar a decis\u00e3o de qual \u00e9 o melhor aparelho de corre\u00e7\u00e3o ortod\u00f4ntico para o seu caso, continue a ler este artigo, dedicado precisamente a Invisalign pr\u00f3s e contras. &nbsp; &nbsp; Para quem sonha com um sorriso mais bonito, a marca Invisalign\u00ae n\u00e3o \u00e9 certamente uma novidade. Este aparelho de corre\u00e7\u00e3o [&hellip;]<\/p>\n","protected":false},"author":6,"featured_media":9432,"comment_status":"closed","ping_status":"closed","sticky":false,"template":"","format":"standard","meta":[],"categories":[1],"tags":[],"_links":{"self":[{"href":"https:\/\/mdclinica.com\/mdclinica\/wp-json\/wp\/v2\/posts\/9418"}],"collection":[{"href":"https:\/\/mdclinica.com\/mdclinica\/wp-json\/wp\/v2\/posts"}],"about":[{"href":"https:\/\/mdclinica.com\/mdclinica\/wp-json\/wp\/v2\/types\/post"}],"author":[{"embeddable":true,"href":"https:\/\/mdclinica.com\/mdclinica\/wp-json\/wp\/v2\/users\/6"}],"replies":[{"embeddable":true,"href":"https:\/\/mdclinica.com\/mdclinica\/wp-json\/wp\/v2\/comments?post=9418"}],"version-history":[{"count":19,"href":"https:\/\/mdclinica.com\/mdclinica\/wp-json\/wp\/v2\/posts\/9418\/revisions"}],"predecessor-version":[{"id":9799,"href":"https:\/\/mdclinica.com\/mdclinica\/wp-json\/wp\/v2\/posts\/9418\/revisions\/9799"}],"wp:featuredmedia":[{"embeddable":true,"href":"https:\/\/mdclinica.com\/mdclinica\/wp-json\/wp\/v2\/media\/9432"}],"wp:attachment":[{"href":"https:\/\/mdclinica.com\/mdclinica\/wp-json\/wp\/v2\/media?parent=9418"}],"wp:term":[{"taxonomy":"category","embeddable":true,"href":"https:\/\/mdclinica.com\/mdclinica\/wp-json\/wp\/v2\/categories?post=9418"},{"taxonomy":"post_tag","embeddable":true,"href":"https:\/\/mdclinica.com\/mdclinica\/wp-json\/wp\/v2\/tags?post=9418"}],"curies":[{"name":"wp","href":"https:\/\/api.w.org\/{rel}","templated":true}]}}